{"id":47,"date":"2016-06-03T06:31:57","date_gmt":"2016-06-03T06:31:57","guid":{"rendered":"http:\/\/raumklimatechnik.org\/?p=47"},"modified":"2018-07-03T07:47:21","modified_gmt":"2018-07-03T07:47:21","slug":"datenschutzerklaerung","status":"publish","type":"post","link":"https:\/\/raumklimatechnik.org\/?p=47","title":{"rendered":"Datenschutzerkl\u00e4rung"},"content":{"rendered":"<p>Datenschutz ist f\u00fcr uns als Verein ein sehr wichtiges Thema, weswegen wir Sie im Folgenden kurz \u00fcber die Umsetzung nach der europ\u00e4ische Datenschutz-Grundverordnung (EU-DSGVO) informieren m\u00f6chten:<\/p>\n<p><strong>Speicherung und Verarbeitung personenbezogener Daten<br \/>\n<\/strong><\/p>\n<p>Zur Mitgliederverwaltung und Einladung der Mitglieder zu Mitgliederversammlungen erheben und speichern wir von unseren Mitgliedern personenbezogene Daten. Diese werden weder an Dritte weitergegeben noch f\u00fcr andere Zwecke (wie beispielsweise E-Mail Newsletter oder \u00e4hnliches) verwendet oder ver\u00f6ffentlicht. Die Daten k\u00f6nnen nur vom Vorstand sowie erweiterten Vorstand des Vereins eingesehen und verarbeitet werden. Sowohl f\u00fcr analoge, papiergebundene Daten, wie auch f\u00fcr digitale Daten werden sogenannte Standardma\u00dfnahmen zum Schutz der Daten ergriffen.<\/p>\n<p><strong>Datenschutzbeauftragte\/r<\/strong><\/p>\n<p>Nach gesetzlichen Vorgaben sind wir aufgrund der geringen Anzahl an Personen, die Zugriff auf personenbezogene Daten haben nicht verpflichtet eine\/n Datenschutzbeauftragte\/n zu benennen.<\/p>\n<p><strong>Antrag auf Datenl\u00f6schung durch Mitglieder<br \/>\n<\/strong><\/p>\n<p>Mitglieder k\u00f6nnen jederzeit einen formlosen Antrag auf Datenl\u00f6schung an die E-Mail Adresse <a href=\"mailto:kontakt@raumklimatechnik.org\">kontakt@raumklimatechnik.org<\/a> richten. Wir werden dem Wunsch schnellstm\u00f6glich nachkommen.<\/p>\n<p><strong>Datenschutz-Folgeabsch\u00e4tzung<\/strong><\/p>\n<p>Eine sogenannte Datenschutz-Folgeabsch\u00e4tzung muss durch unseren Verein nicht durchgef\u00fchrt werden, da kein hohes Risiko bei Datenverarbeitung besteht.<\/p>\n<p>&nbsp;<\/p>\n","protected":false},"excerpt":{"rendered":"<p>Datenschutz ist f\u00fcr uns als Verein ein sehr wichtiges Thema, weswegen wir Sie im Folgenden kurz \u00fcber die Umsetzung nach der europ\u00e4ische Datenschutz-Grundverordnung (EU-DSGVO) informieren m\u00f6chten: Speicherung und Verarbeitung personenbezogener Daten Zur Mitgliederverwaltung und Einladung der Mitglieder zu Mitgliederversammlungen erheben und speichern wir von unseren Mitgliedern personenbezogene Daten. Diese werden weder an Dritte weitergegeben noch &hellip; <a href=\"https:\/\/raumklimatechnik.org\/?p=47\" class=\"more-link\"><span class=\"screen-reader-text\">Datenschutzerkl\u00e4rung<\/span> weiterlesen<\/a><\/p>\n","protected":false},"author":1,"featured_media":0,"comment_status":"open","ping_status":"open","sticky":false,"template":"","format":"standard","meta":[],"categories":[10],"tags":[],"_links":{"self":[{"href":"https:\/\/raumklimatechnik.org\/index.php?rest_route=\/wp\/v2\/posts\/47"}],"collection":[{"href":"https:\/\/raumklimatechnik.org\/index.php?rest_route=\/wp\/v2\/posts"}],"about":[{"href":"https:\/\/raumklimatechnik.org\/index.php?rest_route=\/wp\/v2\/types\/post"}],"author":[{"embeddable":true,"href":"https:\/\/raumklimatechnik.org\/index.php?rest_route=\/wp\/v2\/users\/1"}],"replies":[{"embeddable":true,"href":"https:\/\/raumklimatechnik.org\/index.php?rest_route=%2Fwp%2Fv2%2Fcomments&post=47"}],"version-history":[{"count":6,"href":"https:\/\/raumklimatechnik.org\/index.php?rest_route=\/wp\/v2\/posts\/47\/revisions"}],"predecessor-version":[{"id":118,"href":"https:\/\/raumklimatechnik.org\/index.php?rest_route=\/wp\/v2\/posts\/47\/revisions\/118"}],"wp:attachment":[{"href":"https:\/\/raumklimatechnik.org\/index.php?rest_route=%2Fwp%2Fv2%2Fmedia&parent=47"}],"wp:term":[{"taxonomy":"category","embeddable":true,"href":"https:\/\/raumklimatechnik.org\/index.php?rest_route=%2Fwp%2Fv2%2Fcategories&post=47"},{"taxonomy":"post_tag","embeddable":true,"href":"https:\/\/raumklimatechnik.org\/index.php?rest_route=%2Fwp%2Fv2%2Ftags&post=47"}],"curies":[{"name":"wp","href":"https:\/\/api.w.org\/{rel}","templated":true}]}}